{"id":395,"date":"2024-07-02T18:04:49","date_gmt":"2024-07-02T16:04:49","guid":{"rendered":"https:\/\/laradiodemariano.com.py\/?p=395"},"modified":"2024-07-02T18:04:50","modified_gmt":"2024-07-02T16:04:50","slug":"habla-el-activista-politico-enrique-morinigo","status":"publish","type":"post","link":"https:\/\/laradiodemariano.com.py\/index.php\/2024\/07\/02\/habla-el-activista-politico-enrique-morinigo\/","title":{"rendered":"Habla el activista pol\u00edtico Enrique Morinigo"},"content":{"rendered":"\n<figure class=\"wp-block-image size-large\"><img loading=\"lazy\" decoding=\"async\" width=\"768\" height=\"1024\" src=\"https:\/\/laradiodemariano.com.py\/wp-content\/uploads\/2024\/07\/calle-fea-3-768x1024.jpg\" alt=\"\" class=\"wp-image-397\" srcset=\"https:\/\/laradiodemariano.com.py\/wp-content\/uploads\/2024\/07\/calle-fea-3-768x1024.jpg 768w, https:\/\/laradiodemariano.com.py\/wp-content\/uploads\/2024\/07\/calle-fea-3-225x300.jpg 225w, https:\/\/laradiodemariano.com.py\/wp-content\/uploads\/2024\/07\/calle-fea-3-1152x1536.jpg 1152w, https:\/\/laradiodemariano.com.py\/wp-content\/uploads\/2024\/07\/calle-fea-3-696x928.jpg 696w, https:\/\/laradiodemariano.com.py\/wp-content\/uploads\/2024\/07\/calle-fea-3-1068x1424.jpg 1068w, https:\/\/laradiodemariano.com.py\/wp-content\/uploads\/2024\/07\/calle-fea-3.jpg 1200w\" sizes=\"auto, (max-width: 768px) 100vw, 768px\" \/><\/figure>\n\n\n\n<p>Todos indica que las elecciones municipales se llevaran a cabos en el 2026.<\/p>\n\n\n\n<p>Que necesita mariano Roque Alonso salimos a dialogar con residentes y obtuvimos una variedad de respuestas, se necesita patriotismo dicen algunos, otros sentidos de pertenencias y otros dicen dejar de robar.<\/p>\n\n\n\n<p>Lo lamentable es que a nivel municipal seguimos postergados, a diferencias de otras ciudades del departamento central no se nota las mejoras en las calles y pr\u00e1cticamente cada d\u00edas mas se deteriora todos.<\/p>\n\n\n\n<p>Hablamos con el activista pol\u00edtico Enrique Mor\u00ednigo quien nos manifest\u00f3 su decepci\u00f3n por las autoridades de no cumplir las promesas electorales, se necesita un cambio total por eso esta trabando con varios partidarios colorados, con el Proyecto Fabricio Poletti  una Esperanza para Mariano Roque Alonso, su confianza se basa en la capacidad profesional del empresario que se supo abrir espacio siendo aun  un joven.<\/p>\n\n\n\n<p><\/p>\n\n\n\n<figure class=\"wp-block-image size-full\"><img loading=\"lazy\" decoding=\"async\" width=\"1000\" height=\"563\" src=\"https:\/\/laradiodemariano.com.py\/wp-content\/uploads\/2024\/07\/mariano.webp\" alt=\"\" class=\"wp-image-396\" srcset=\"https:\/\/laradiodemariano.com.py\/wp-content\/uploads\/2024\/07\/mariano.webp 1000w, https:\/\/laradiodemariano.com.py\/wp-content\/uploads\/2024\/07\/mariano-300x169.webp 300w, https:\/\/laradiodemariano.com.py\/wp-content\/uploads\/2024\/07\/mariano-768x432.webp 768w, https:\/\/laradiodemariano.com.py\/wp-content\/uploads\/2024\/07\/mariano-696x392.webp 696w\" sizes=\"auto, (max-width: 1000px) 100vw, 1000px\" \/><\/figure>\n","protected":false},"excerpt":{"rendered":"<p>Todos indica que las elecciones municipales se llevaran a cabos en el 2026. Que necesita mariano Roque Alonso salimos a dialogar con residentes y obtuvimos una variedad de respuestas, se necesita patriotismo dicen algunos, otros sentidos de pertenencias y otros dicen dejar de robar. Lo lamentable es que a nivel municipal seguimos postergados, a diferencias [&hellip;]<\/p>\n","protected":false},"author":3,"featured_media":396,"comment_status":"open","ping_status":"open","sticky":true,"template":"","format":"standard","meta":{"advgb_blocks_editor_width":"","advgb_blocks_columns_visual_guide":"","om_disable_all_campaigns":false,"_monsterinsights_skip_tracking":false,"_monsterinsights_sitenote_active":false,"_monsterinsights_sitenote_note":"","_monsterinsights_sitenote_category":0,"footnotes":""},"categories":[4,32],"tags":[],"class_list":{"0":"post-395","1":"post","2":"type-post","3":"status-publish","4":"format-standard","5":"has-post-thumbnail","7":"category-nacionales","8":"category-politica"},"author_meta":{"display_name":"Mariano","author_link":"https:\/\/laradiodemariano.com.py\/index.php\/author\/mariano\/"},"featured_img":"https:\/\/laradiodemariano.com.py\/wp-content\/uploads\/2024\/07\/mariano-300x169.webp","aioseo_notices":[],"yoast_head":"<!-- This site is optimized with the Yoast SEO Premium plugin v20.9 (Yoast SEO v21.1) - https:\/\/yoast.com\/wordpress\/plugins\/seo\/ -->\n<title>Habla el activista pol\u00edtico Enrique Morinigo - La Radio de Mariano<\/title>\n<meta name=\"robots\" content=\"index, follow, max-snippet:-1, max-image-preview:large, max-video-preview:-1\" \/>\n<link rel=\"canonical\" href=\"https:\/\/laradiodemariano.com.py\/index.php\/2024\/07\/02\/habla-el-activista-politico-enrique-morinigo\/\" \/>\n<meta property=\"og:locale\" content=\"es_ES\" \/>\n<meta property=\"og:type\" content=\"article\" \/>\n<meta property=\"og:title\" content=\"Habla el activista pol\u00edtico Enrique Morinigo\" \/>\n<meta property=\"og:description\" content=\"Todos indica que las elecciones municipales se llevaran a cabos en el 2026. Que necesita mariano Roque Alonso salimos a dialogar con residentes y obtuvimos una variedad de respuestas, se necesita patriotismo dicen algunos, otros sentidos de pertenencias y otros dicen dejar de robar. Lo lamentable es que a nivel municipal seguimos postergados, a diferencias [&hellip;]\" \/>\n<meta property=\"og:url\" content=\"https:\/\/laradiodemariano.com.py\/index.php\/2024\/07\/02\/habla-el-activista-politico-enrique-morinigo\/\" \/>\n<meta property=\"og:site_name\" content=\"La Radio de Mariano\" \/>\n<meta property=\"article:published_time\" content=\"2024-07-02T16:04:49+00:00\" \/>\n<meta property=\"article:modified_time\" content=\"2024-07-02T16:04:50+00:00\" \/>\n<meta property=\"og:image\" content=\"https:\/\/laradiodemariano.com.py\/wp-content\/uploads\/2024\/07\/mariano.webp\" \/>\n\t<meta property=\"og:image:width\" content=\"1000\" \/>\n\t<meta property=\"og:image:height\" content=\"563\" \/>\n\t<meta property=\"og:image:type\" content=\"image\/webp\" \/>\n<meta name=\"author\" content=\"Mariano\" \/>\n<meta name=\"twitter:card\" content=\"summary_large_image\" \/>\n<meta name=\"twitter:label1\" content=\"Escrito por\" \/>\n\t<meta name=\"twitter:data1\" content=\"Mariano\" \/>\n\t<meta name=\"twitter:label2\" content=\"Tiempo de lectura\" \/>\n\t<meta name=\"twitter:data2\" content=\"1 minuto\" \/>\n<script type=\"application\/ld+json\" class=\"yoast-schema-graph\">{\"@context\":\"https:\/\/schema.org\",\"@graph\":[{\"@type\":\"WebPage\",\"@id\":\"https:\/\/laradiodemariano.com.py\/index.php\/2024\/07\/02\/habla-el-activista-politico-enrique-morinigo\/\",\"url\":\"https:\/\/laradiodemariano.com.py\/index.php\/2024\/07\/02\/habla-el-activista-politico-enrique-morinigo\/\",\"name\":\"Habla el activista pol\u00edtico Enrique Morinigo - La Radio de Mariano\",\"isPartOf\":{\"@id\":\"https:\/\/laradiodemariano.com.py\/#website\"},\"datePublished\":\"2024-07-02T16:04:49+00:00\",\"dateModified\":\"2024-07-02T16:04:50+00:00\",\"author\":{\"@id\":\"https:\/\/laradiodemariano.com.py\/#\/schema\/person\/022488fd517962280009a4e7a01ad48b\"},\"breadcrumb\":{\"@id\":\"https:\/\/laradiodemariano.com.py\/index.php\/2024\/07\/02\/habla-el-activista-politico-enrique-morinigo\/#breadcrumb\"},\"inLanguage\":\"es\",\"potentialAction\":[{\"@type\":\"ReadAction\",\"target\":[\"https:\/\/laradiodemariano.com.py\/index.php\/2024\/07\/02\/habla-el-activista-politico-enrique-morinigo\/\"]}]},{\"@type\":\"BreadcrumbList\",\"@id\":\"https:\/\/laradiodemariano.com.py\/index.php\/2024\/07\/02\/habla-el-activista-politico-enrique-morinigo\/#breadcrumb\",\"itemListElement\":[{\"@type\":\"ListItem\",\"position\":1,\"name\":\"Portada\",\"item\":\"https:\/\/laradiodemariano.com.py\/\"},{\"@type\":\"ListItem\",\"position\":2,\"name\":\"Habla el activista pol\u00edtico Enrique Morinigo\"}]},{\"@type\":\"WebSite\",\"@id\":\"https:\/\/laradiodemariano.com.py\/#website\",\"url\":\"https:\/\/laradiodemariano.com.py\/\",\"name\":\"La Radio de Mariano\",\"description\":\"\",\"potentialAction\":[{\"@type\":\"SearchAction\",\"target\":{\"@type\":\"EntryPoint\",\"urlTemplate\":\"https:\/\/laradiodemariano.com.py\/?s={search_term_string}\"},\"query-input\":\"required name=search_term_string\"}],\"inLanguage\":\"es\"},{\"@type\":\"Person\",\"@id\":\"https:\/\/laradiodemariano.com.py\/#\/schema\/person\/022488fd517962280009a4e7a01ad48b\",\"name\":\"Mariano\",\"image\":{\"@type\":\"ImageObject\",\"inLanguage\":\"es\",\"@id\":\"https:\/\/laradiodemariano.com.py\/#\/schema\/person\/image\/\",\"url\":\"https:\/\/secure.gravatar.com\/avatar\/b4d86704fb4aaa0635b866e42e2c951d37a451f21593b695791d8a15356941c2?s=96&d=mm&r=g\",\"contentUrl\":\"https:\/\/secure.gravatar.com\/avatar\/b4d86704fb4aaa0635b866e42e2c951d37a451f21593b695791d8a15356941c2?s=96&d=mm&r=g\",\"caption\":\"Mariano\"},\"url\":\"https:\/\/laradiodemariano.com.py\/index.php\/author\/mariano\/\"}]}<\/script>\n<!-- \/ Yoast SEO Premium plugin. -->","yoast_head_json":{"title":"Habla el activista pol\u00edtico Enrique Morinigo - La Radio de Mariano","robots":{"index":"index","follow":"follow","max-snippet":"max-snippet:-1","max-image-preview":"max-image-preview:large","max-video-preview":"max-video-preview:-1"},"canonical":"https:\/\/laradiodemariano.com.py\/index.php\/2024\/07\/02\/habla-el-activista-politico-enrique-morinigo\/","og_locale":"es_ES","og_type":"article","og_title":"Habla el activista pol\u00edtico Enrique Morinigo","og_description":"Todos indica que las elecciones municipales se llevaran a cabos en el 2026. Que necesita mariano Roque Alonso salimos a dialogar con residentes y obtuvimos una variedad de respuestas, se necesita patriotismo dicen algunos, otros sentidos de pertenencias y otros dicen dejar de robar. Lo lamentable es que a nivel municipal seguimos postergados, a diferencias [&hellip;]","og_url":"https:\/\/laradiodemariano.com.py\/index.php\/2024\/07\/02\/habla-el-activista-politico-enrique-morinigo\/","og_site_name":"La Radio de Mariano","article_published_time":"2024-07-02T16:04:49+00:00","article_modified_time":"2024-07-02T16:04:50+00:00","og_image":[{"width":1000,"height":563,"url":"https:\/\/laradiodemariano.com.py\/wp-content\/uploads\/2024\/07\/mariano.webp","type":"image\/webp"}],"author":"Mariano","twitter_card":"summary_large_image","twitter_misc":{"Escrito por":"Mariano","Tiempo de lectura":"1 minuto"},"schema":{"@context":"https:\/\/schema.org","@graph":[{"@type":"WebPage","@id":"https:\/\/laradiodemariano.com.py\/index.php\/2024\/07\/02\/habla-el-activista-politico-enrique-morinigo\/","url":"https:\/\/laradiodemariano.com.py\/index.php\/2024\/07\/02\/habla-el-activista-politico-enrique-morinigo\/","name":"Habla el activista pol\u00edtico Enrique Morinigo - La Radio de Mariano","isPartOf":{"@id":"https:\/\/laradiodemariano.com.py\/#website"},"datePublished":"2024-07-02T16:04:49+00:00","dateModified":"2024-07-02T16:04:50+00:00","author":{"@id":"https:\/\/laradiodemariano.com.py\/#\/schema\/person\/022488fd517962280009a4e7a01ad48b"},"breadcrumb":{"@id":"https:\/\/laradiodemariano.com.py\/index.php\/2024\/07\/02\/habla-el-activista-politico-enrique-morinigo\/#breadcrumb"},"inLanguage":"es","potentialAction":[{"@type":"ReadAction","target":["https:\/\/laradiodemariano.com.py\/index.php\/2024\/07\/02\/habla-el-activista-politico-enrique-morinigo\/"]}]},{"@type":"BreadcrumbList","@id":"https:\/\/laradiodemariano.com.py\/index.php\/2024\/07\/02\/habla-el-activista-politico-enrique-morinigo\/#breadcrumb","itemListElement":[{"@type":"ListItem","position":1,"name":"Portada","item":"https:\/\/laradiodemariano.com.py\/"},{"@type":"ListItem","position":2,"name":"Habla el activista pol\u00edtico Enrique Morinigo"}]},{"@type":"WebSite","@id":"https:\/\/laradiodemariano.com.py\/#website","url":"https:\/\/laradiodemariano.com.py\/","name":"La Radio de Mariano","description":"","potentialAction":[{"@type":"SearchAction","target":{"@type":"EntryPoint","urlTemplate":"https:\/\/laradiodemariano.com.py\/?s={search_term_string}"},"query-input":"required name=search_term_string"}],"inLanguage":"es"},{"@type":"Person","@id":"https:\/\/laradiodemariano.com.py\/#\/schema\/person\/022488fd517962280009a4e7a01ad48b","name":"Mariano","image":{"@type":"ImageObject","inLanguage":"es","@id":"https:\/\/laradiodemariano.com.py\/#\/schema\/person\/image\/","url":"https:\/\/secure.gravatar.com\/avatar\/b4d86704fb4aaa0635b866e42e2c951d37a451f21593b695791d8a15356941c2?s=96&d=mm&r=g","contentUrl":"https:\/\/secure.gravatar.com\/avatar\/b4d86704fb4aaa0635b866e42e2c951d37a451f21593b695791d8a15356941c2?s=96&d=mm&r=g","caption":"Mariano"},"url":"https:\/\/laradiodemariano.com.py\/index.php\/author\/mariano\/"}]}},"coauthors":[],"tax_additional":{"categories":{"linked":["<a href=\"https:\/\/laradiodemariano.com.py\/index.php\/category\/nacionales\/\" class=\"advgb-post-tax-term\">Nacionales<\/a>","<a href=\"https:\/\/laradiodemariano.com.py\/index.php\/category\/politica\/\" class=\"advgb-post-tax-term\">Politica<\/a>"],"unlinked":["<span class=\"advgb-post-tax-term\">Nacionales<\/span>","<span class=\"advgb-post-tax-term\">Politica<\/span>"]}},"comment_count":"0","relative_dates":{"created":"Publicado 2 a\u00f1os hace","modified":"Actualizado 2 a\u00f1os hace"},"absolute_dates":{"created":"Publicado el 2 de julio de 2024","modified":"Actualizado el 2 de julio de 2024"},"absolute_dates_time":{"created":"Publicado el 2 de julio de 2024 18:04","modified":"Actualizado el 2 de julio de 2024 18:04"},"featured_img_caption":"","series_order":"","_links":{"self":[{"href":"https:\/\/laradiodemariano.com.py\/index.php\/wp-json\/wp\/v2\/posts\/395","targetHints":{"allow":["GET"]}}],"collection":[{"href":"https:\/\/laradiodemariano.com.py\/index.php\/wp-json\/wp\/v2\/posts"}],"about":[{"href":"https:\/\/laradiodemariano.com.py\/index.php\/wp-json\/wp\/v2\/types\/post"}],"author":[{"embeddable":true,"href":"https:\/\/laradiodemariano.com.py\/index.php\/wp-json\/wp\/v2\/users\/3"}],"replies":[{"embeddable":true,"href":"https:\/\/laradiodemariano.com.py\/index.php\/wp-json\/wp\/v2\/comments?post=395"}],"version-history":[{"count":1,"href":"https:\/\/laradiodemariano.com.py\/index.php\/wp-json\/wp\/v2\/posts\/395\/revisions"}],"predecessor-version":[{"id":398,"href":"https:\/\/laradiodemariano.com.py\/index.php\/wp-json\/wp\/v2\/posts\/395\/revisions\/398"}],"wp:featuredmedia":[{"embeddable":true,"href":"https:\/\/laradiodemariano.com.py\/index.php\/wp-json\/wp\/v2\/media\/396"}],"wp:attachment":[{"href":"https:\/\/laradiodemariano.com.py\/index.php\/wp-json\/wp\/v2\/media?parent=395"}],"wp:term":[{"taxonomy":"category","embeddable":true,"href":"https:\/\/laradiodemariano.com.py\/index.php\/wp-json\/wp\/v2\/categories?post=395"},{"taxonomy":"post_tag","embeddable":true,"href":"https:\/\/laradiodemariano.com.py\/index.php\/wp-json\/wp\/v2\/tags?post=395"}],"curies":[{"name":"wp","href":"https:\/\/api.w.org\/{rel}","templated":true}]}}