{"id":407,"date":"2024-07-05T19:08:19","date_gmt":"2024-07-05T17:08:19","guid":{"rendered":"https:\/\/laradiodemariano.com.py\/?p=407"},"modified":"2024-07-05T19:08:20","modified_gmt":"2024-07-05T17:08:20","slug":"prestacion-alimentaria","status":"publish","type":"post","link":"https:\/\/laradiodemariano.com.py\/index.php\/2024\/07\/05\/prestacion-alimentaria\/","title":{"rendered":"Prestaci\u00f3n Alimentaria"},"content":{"rendered":"\n<figure class=\"wp-block-audio\"><audio controls src=\"blob:https:\/\/laradiodemariano.com.py\/408c7362-1c9f-4e05-a88f-2f89cc66c40d\"><\/audio><\/figure>\n\n\n\n<p>La emisi\u00f3n de registros a los padres que no cumplen con la prestaci\u00f3n alimentaria esta vigentes.<\/p>\n\n\n\n<p>Esta ma\u00f1ana hablamos con el abogado Alex Galv\u00e1n  sobre las implicancias de este tema y las diferentes situaciones.<\/p>\n\n\n\n<p>Puedes ver y escuchar el programa en este link<\/p>\n\n\n\n<p> https:\/\/fb.watch\/t7Ud_36i2f\/<\/p>\n","protected":false},"excerpt":{"rendered":"<p>La emisi\u00f3n de registros a los padres que no cumplen con la prestaci\u00f3n alimentaria esta vigentes. Esta ma\u00f1ana hablamos con el abogado Alex Galv\u00e1n sobre las implicancias de este tema y las diferentes situaciones. Puedes ver y escuchar el programa en este link https:\/\/fb.watch\/t7Ud_36i2f\/<\/p>\n","protected":false},"author":3,"featured_media":408,"comment_status":"open","ping_status":"open","sticky":false,"template":"","format":"standard","meta":{"advgb_blocks_editor_width":"","advgb_blocks_columns_visual_guide":"","om_disable_all_campaigns":false,"_monsterinsights_skip_tracking":false,"_monsterinsights_sitenote_active":false,"_monsterinsights_sitenote_note":"","_monsterinsights_sitenote_category":0,"footnotes":""},"categories":[4],"tags":[],"class_list":{"0":"post-407","1":"post","2":"type-post","3":"status-publish","4":"format-standard","5":"has-post-thumbnail","7":"category-nacionales"},"author_meta":{"display_name":"Mariano","author_link":"https:\/\/laradiodemariano.com.py\/index.php\/author\/mariano\/"},"featured_img":"https:\/\/laradiodemariano.com.py\/wp-content\/uploads\/2024\/07\/la-prestacion-alimentarias-300x192.jpg","aioseo_notices":[],"yoast_head":"<!-- This site is optimized with the Yoast SEO Premium plugin v20.9 (Yoast SEO v21.1) - https:\/\/yoast.com\/wordpress\/plugins\/seo\/ -->\n<title>Prestaci\u00f3n Alimentaria - La Radio de Mariano<\/title>\n<meta name=\"robots\" content=\"index, follow, max-snippet:-1, max-image-preview:large, max-video-preview:-1\" \/>\n<link rel=\"canonical\" href=\"https:\/\/laradiodemariano.com.py\/index.php\/2024\/07\/05\/prestacion-alimentaria\/\" \/>\n<meta property=\"og:locale\" content=\"es_ES\" \/>\n<meta property=\"og:type\" content=\"article\" \/>\n<meta property=\"og:title\" content=\"Prestaci\u00f3n Alimentaria\" \/>\n<meta property=\"og:description\" content=\"La emisi\u00f3n de registros a los padres que no cumplen con la prestaci\u00f3n alimentaria esta vigentes. Esta ma\u00f1ana hablamos con el abogado Alex Galv\u00e1n sobre las implicancias de este tema y las diferentes situaciones. Puedes ver y escuchar el programa en este link https:\/\/fb.watch\/t7Ud_36i2f\/\" \/>\n<meta property=\"og:url\" content=\"https:\/\/laradiodemariano.com.py\/index.php\/2024\/07\/05\/prestacion-alimentaria\/\" \/>\n<meta property=\"og:site_name\" content=\"La Radio de Mariano\" \/>\n<meta property=\"article:published_time\" content=\"2024-07-05T17:08:19+00:00\" \/>\n<meta property=\"article:modified_time\" content=\"2024-07-05T17:08:20+00:00\" \/>\n<meta property=\"og:image\" content=\"https:\/\/laradiodemariano.com.py\/wp-content\/uploads\/2024\/07\/la-prestacion-alimentarias.jpg\" \/>\n\t<meta property=\"og:image:width\" content=\"635\" \/>\n\t<meta property=\"og:image:height\" content=\"406\" \/>\n\t<meta property=\"og:image:type\" content=\"image\/jpeg\" \/>\n<meta name=\"author\" content=\"Mariano\" \/>\n<meta name=\"twitter:card\" content=\"summary_large_image\" \/>\n<meta name=\"twitter:label1\" content=\"Escrito por\" \/>\n\t<meta name=\"twitter:data1\" content=\"Mariano\" \/>\n<script type=\"application\/ld+json\" class=\"yoast-schema-graph\">{\"@context\":\"https:\/\/schema.org\",\"@graph\":[{\"@type\":\"WebPage\",\"@id\":\"https:\/\/laradiodemariano.com.py\/index.php\/2024\/07\/05\/prestacion-alimentaria\/\",\"url\":\"https:\/\/laradiodemariano.com.py\/index.php\/2024\/07\/05\/prestacion-alimentaria\/\",\"name\":\"Prestaci\u00f3n Alimentaria - La Radio de Mariano\",\"isPartOf\":{\"@id\":\"https:\/\/laradiodemariano.com.py\/#website\"},\"datePublished\":\"2024-07-05T17:08:19+00:00\",\"dateModified\":\"2024-07-05T17:08:20+00:00\",\"author\":{\"@id\":\"https:\/\/laradiodemariano.com.py\/#\/schema\/person\/022488fd517962280009a4e7a01ad48b\"},\"breadcrumb\":{\"@id\":\"https:\/\/laradiodemariano.com.py\/index.php\/2024\/07\/05\/prestacion-alimentaria\/#breadcrumb\"},\"inLanguage\":\"es\",\"potentialAction\":[{\"@type\":\"ReadAction\",\"target\":[\"https:\/\/laradiodemariano.com.py\/index.php\/2024\/07\/05\/prestacion-alimentaria\/\"]}]},{\"@type\":\"BreadcrumbList\",\"@id\":\"https:\/\/laradiodemariano.com.py\/index.php\/2024\/07\/05\/prestacion-alimentaria\/#breadcrumb\",\"itemListElement\":[{\"@type\":\"ListItem\",\"position\":1,\"name\":\"Portada\",\"item\":\"https:\/\/laradiodemariano.com.py\/\"},{\"@type\":\"ListItem\",\"position\":2,\"name\":\"Prestaci\u00f3n Alimentaria\"}]},{\"@type\":\"WebSite\",\"@id\":\"https:\/\/laradiodemariano.com.py\/#website\",\"url\":\"https:\/\/laradiodemariano.com.py\/\",\"name\":\"La Radio de Mariano\",\"description\":\"\",\"potentialAction\":[{\"@type\":\"SearchAction\",\"target\":{\"@type\":\"EntryPoint\",\"urlTemplate\":\"https:\/\/laradiodemariano.com.py\/?s={search_term_string}\"},\"query-input\":\"required name=search_term_string\"}],\"inLanguage\":\"es\"},{\"@type\":\"Person\",\"@id\":\"https:\/\/laradiodemariano.com.py\/#\/schema\/person\/022488fd517962280009a4e7a01ad48b\",\"name\":\"Mariano\",\"image\":{\"@type\":\"ImageObject\",\"inLanguage\":\"es\",\"@id\":\"https:\/\/laradiodemariano.com.py\/#\/schema\/person\/image\/\",\"url\":\"https:\/\/secure.gravatar.com\/avatar\/b4d86704fb4aaa0635b866e42e2c951d37a451f21593b695791d8a15356941c2?s=96&d=mm&r=g\",\"contentUrl\":\"https:\/\/secure.gravatar.com\/avatar\/b4d86704fb4aaa0635b866e42e2c951d37a451f21593b695791d8a15356941c2?s=96&d=mm&r=g\",\"caption\":\"Mariano\"},\"url\":\"https:\/\/laradiodemariano.com.py\/index.php\/author\/mariano\/\"}]}<\/script>\n<!-- \/ Yoast SEO Premium plugin. -->","yoast_head_json":{"title":"Prestaci\u00f3n Alimentaria - La Radio de Mariano","robots":{"index":"index","follow":"follow","max-snippet":"max-snippet:-1","max-image-preview":"max-image-preview:large","max-video-preview":"max-video-preview:-1"},"canonical":"https:\/\/laradiodemariano.com.py\/index.php\/2024\/07\/05\/prestacion-alimentaria\/","og_locale":"es_ES","og_type":"article","og_title":"Prestaci\u00f3n Alimentaria","og_description":"La emisi\u00f3n de registros a los padres que no cumplen con la prestaci\u00f3n alimentaria esta vigentes. Esta ma\u00f1ana hablamos con el abogado Alex Galv\u00e1n sobre las implicancias de este tema y las diferentes situaciones. Puedes ver y escuchar el programa en este link https:\/\/fb.watch\/t7Ud_36i2f\/","og_url":"https:\/\/laradiodemariano.com.py\/index.php\/2024\/07\/05\/prestacion-alimentaria\/","og_site_name":"La Radio de Mariano","article_published_time":"2024-07-05T17:08:19+00:00","article_modified_time":"2024-07-05T17:08:20+00:00","og_image":[{"width":635,"height":406,"url":"https:\/\/laradiodemariano.com.py\/wp-content\/uploads\/2024\/07\/la-prestacion-alimentarias.jpg","type":"image\/jpeg"}],"author":"Mariano","twitter_card":"summary_large_image","twitter_misc":{"Escrito por":"Mariano"},"schema":{"@context":"https:\/\/schema.org","@graph":[{"@type":"WebPage","@id":"https:\/\/laradiodemariano.com.py\/index.php\/2024\/07\/05\/prestacion-alimentaria\/","url":"https:\/\/laradiodemariano.com.py\/index.php\/2024\/07\/05\/prestacion-alimentaria\/","name":"Prestaci\u00f3n Alimentaria - La Radio de Mariano","isPartOf":{"@id":"https:\/\/laradiodemariano.com.py\/#website"},"datePublished":"2024-07-05T17:08:19+00:00","dateModified":"2024-07-05T17:08:20+00:00","author":{"@id":"https:\/\/laradiodemariano.com.py\/#\/schema\/person\/022488fd517962280009a4e7a01ad48b"},"breadcrumb":{"@id":"https:\/\/laradiodemariano.com.py\/index.php\/2024\/07\/05\/prestacion-alimentaria\/#breadcrumb"},"inLanguage":"es","potentialAction":[{"@type":"ReadAction","target":["https:\/\/laradiodemariano.com.py\/index.php\/2024\/07\/05\/prestacion-alimentaria\/"]}]},{"@type":"BreadcrumbList","@id":"https:\/\/laradiodemariano.com.py\/index.php\/2024\/07\/05\/prestacion-alimentaria\/#breadcrumb","itemListElement":[{"@type":"ListItem","position":1,"name":"Portada","item":"https:\/\/laradiodemariano.com.py\/"},{"@type":"ListItem","position":2,"name":"Prestaci\u00f3n Alimentaria"}]},{"@type":"WebSite","@id":"https:\/\/laradiodemariano.com.py\/#website","url":"https:\/\/laradiodemariano.com.py\/","name":"La Radio de Mariano","description":"","potentialAction":[{"@type":"SearchAction","target":{"@type":"EntryPoint","urlTemplate":"https:\/\/laradiodemariano.com.py\/?s={search_term_string}"},"query-input":"required name=search_term_string"}],"inLanguage":"es"},{"@type":"Person","@id":"https:\/\/laradiodemariano.com.py\/#\/schema\/person\/022488fd517962280009a4e7a01ad48b","name":"Mariano","image":{"@type":"ImageObject","inLanguage":"es","@id":"https:\/\/laradiodemariano.com.py\/#\/schema\/person\/image\/","url":"https:\/\/secure.gravatar.com\/avatar\/b4d86704fb4aaa0635b866e42e2c951d37a451f21593b695791d8a15356941c2?s=96&d=mm&r=g","contentUrl":"https:\/\/secure.gravatar.com\/avatar\/b4d86704fb4aaa0635b866e42e2c951d37a451f21593b695791d8a15356941c2?s=96&d=mm&r=g","caption":"Mariano"},"url":"https:\/\/laradiodemariano.com.py\/index.php\/author\/mariano\/"}]}},"coauthors":[],"tax_additional":{"categories":{"linked":["<a href=\"https:\/\/laradiodemariano.com.py\/index.php\/category\/nacionales\/\" class=\"advgb-post-tax-term\">Nacionales<\/a>"],"unlinked":["<span class=\"advgb-post-tax-term\">Nacionales<\/span>"]}},"comment_count":"0","relative_dates":{"created":"Publicado 2 a\u00f1os hace","modified":"Actualizado 2 a\u00f1os hace"},"absolute_dates":{"created":"Publicado el 5 de julio de 2024","modified":"Actualizado el 5 de julio de 2024"},"absolute_dates_time":{"created":"Publicado el 5 de julio de 2024 19:08","modified":"Actualizado el 5 de julio de 2024 19:08"},"featured_img_caption":"","series_order":"","_links":{"self":[{"href":"https:\/\/laradiodemariano.com.py\/index.php\/wp-json\/wp\/v2\/posts\/407","targetHints":{"allow":["GET"]}}],"collection":[{"href":"https:\/\/laradiodemariano.com.py\/index.php\/wp-json\/wp\/v2\/posts"}],"about":[{"href":"https:\/\/laradiodemariano.com.py\/index.php\/wp-json\/wp\/v2\/types\/post"}],"author":[{"embeddable":true,"href":"https:\/\/laradiodemariano.com.py\/index.php\/wp-json\/wp\/v2\/users\/3"}],"replies":[{"embeddable":true,"href":"https:\/\/laradiodemariano.com.py\/index.php\/wp-json\/wp\/v2\/comments?post=407"}],"version-history":[{"count":1,"href":"https:\/\/laradiodemariano.com.py\/index.php\/wp-json\/wp\/v2\/posts\/407\/revisions"}],"predecessor-version":[{"id":409,"href":"https:\/\/laradiodemariano.com.py\/index.php\/wp-json\/wp\/v2\/posts\/407\/revisions\/409"}],"wp:featuredmedia":[{"embeddable":true,"href":"https:\/\/laradiodemariano.com.py\/index.php\/wp-json\/wp\/v2\/media\/408"}],"wp:attachment":[{"href":"https:\/\/laradiodemariano.com.py\/index.php\/wp-json\/wp\/v2\/media?parent=407"}],"wp:term":[{"taxonomy":"category","embeddable":true,"href":"https:\/\/laradiodemariano.com.py\/index.php\/wp-json\/wp\/v2\/categories?post=407"},{"taxonomy":"post_tag","embeddable":true,"href":"https:\/\/laradiodemariano.com.py\/index.php\/wp-json\/wp\/v2\/tags?post=407"}],"curies":[{"name":"wp","href":"https:\/\/api.w.org\/{rel}","templated":true}]}}