{"id":411,"date":"2024-07-06T16:13:58","date_gmt":"2024-07-06T14:13:58","guid":{"rendered":"https:\/\/laradiodemariano.com.py\/?p=411"},"modified":"2024-07-06T16:14:14","modified_gmt":"2024-07-06T14:14:14","slug":"reuniones-de-candidatos","status":"publish","type":"post","link":"https:\/\/laradiodemariano.com.py\/index.php\/2024\/07\/06\/reuniones-de-candidatos\/","title":{"rendered":"REUNIONES DE CANDIDATOS."},"content":{"rendered":"\n<p>En marco de la unidad partidaria los diversos candidatos del partido colorado vienen realizando reuniones, el san Juan realizado en la seccional 5  fue la ocasi\u00f3n del encuentro de varios valores del partido.<\/p>\n\n\n\n<p>Los colorados institucionalistas est\u00e1n cerrando acuerdos con los lideres de las seccionales a fin de presentar un proyecto de calidad para la ciudad.<\/p>\n\n\n\n<p>Los mas visibles de estos candidatos son Edgar Mart\u00ednez, Fabricio Poletti, Diego Paredes, Lucio G\u00f3mez y otros valores que estar\u00edan apoyando a los candidatos que nazcan de las bases populares.<\/p>\n\n\n\n<p>La idea central es que los candidatos surjan de un consenso y que sea representativos para todas las seccionales.<\/p>\n\n\n\n<p>Se seguir\u00e1 dialogando ya que se cuenta con tiempo suficientes para presentar a  los colorados de verdad,  como candidatos a los diferentes cargos municipales.     <\/p>\n\n\n\n<p><span style=\"background-color:#b5dcaf\" class=\"td_text_highlight_marker\"><span class=\"td_text_columns_two_cols\">San Juan de la seccional 5<\/span><\/span><\/p>\n\n\n\n<figure class=\"wp-block-image size-large\"><img loading=\"lazy\" decoding=\"async\" width=\"1024\" height=\"768\" src=\"https:\/\/laradiodemariano.com.py\/wp-content\/uploads\/2024\/07\/2-secional-5-1024x768.jpg\" alt=\"\" class=\"wp-image-414\" srcset=\"https:\/\/laradiodemariano.com.py\/wp-content\/uploads\/2024\/07\/2-secional-5-1024x768.jpg 1024w, https:\/\/laradiodemariano.com.py\/wp-content\/uploads\/2024\/07\/2-secional-5-300x225.jpg 300w, https:\/\/laradiodemariano.com.py\/wp-content\/uploads\/2024\/07\/2-secional-5-768x576.jpg 768w, https:\/\/laradiodemariano.com.py\/wp-content\/uploads\/2024\/07\/2-secional-5-1536x1152.jpg 1536w, https:\/\/laradiodemariano.com.py\/wp-content\/uploads\/2024\/07\/2-secional-5-696x522.jpg 696w, https:\/\/laradiodemariano.com.py\/wp-content\/uploads\/2024\/07\/2-secional-5-1068x801.jpg 1068w, https:\/\/laradiodemariano.com.py\/wp-content\/uploads\/2024\/07\/2-secional-5.jpg 1599w\" sizes=\"auto, (max-width: 1024px) 100vw, 1024px\" \/><\/figure>\n\n\n\n<figure class=\"wp-block-image size-large\"><img loading=\"lazy\" decoding=\"async\" width=\"1024\" height=\"768\" src=\"https:\/\/laradiodemariano.com.py\/wp-content\/uploads\/2024\/07\/3-secional-5-1024x768.jpg\" alt=\"\" class=\"wp-image-413\" srcset=\"https:\/\/laradiodemariano.com.py\/wp-content\/uploads\/2024\/07\/3-secional-5-1024x768.jpg 1024w, https:\/\/laradiodemariano.com.py\/wp-content\/uploads\/2024\/07\/3-secional-5-300x225.jpg 300w, https:\/\/laradiodemariano.com.py\/wp-content\/uploads\/2024\/07\/3-secional-5-768x576.jpg 768w, https:\/\/laradiodemariano.com.py\/wp-content\/uploads\/2024\/07\/3-secional-5-1536x1152.jpg 1536w, https:\/\/laradiodemariano.com.py\/wp-content\/uploads\/2024\/07\/3-secional-5-696x522.jpg 696w, https:\/\/laradiodemariano.com.py\/wp-content\/uploads\/2024\/07\/3-secional-5-1068x801.jpg 1068w, https:\/\/laradiodemariano.com.py\/wp-content\/uploads\/2024\/07\/3-secional-5.jpg 1600w\" sizes=\"auto, (max-width: 1024px) 100vw, 1024px\" \/><\/figure>\n","protected":false},"excerpt":{"rendered":"<p>En marco de la unidad partidaria los diversos candidatos del partido colorado vienen realizando reuniones, el san Juan realizado en la seccional 5 fue la ocasi\u00f3n del encuentro de varios valores del partido. Los colorados institucionalistas est\u00e1n cerrando acuerdos con los lideres de las seccionales a fin de presentar un proyecto de calidad para la [&hellip;]<\/p>\n","protected":false},"author":3,"featured_media":412,"comment_status":"open","ping_status":"open","sticky":false,"template":"","format":"standard","meta":{"advgb_blocks_editor_width":"","advgb_blocks_columns_visual_guide":"","om_disable_all_campaigns":false,"_monsterinsights_skip_tracking":false,"_monsterinsights_sitenote_active":false,"_monsterinsights_sitenote_note":"","_monsterinsights_sitenote_category":0,"footnotes":""},"categories":[32],"tags":[],"class_list":{"0":"post-411","1":"post","2":"type-post","3":"status-publish","4":"format-standard","5":"has-post-thumbnail","7":"category-politica"},"author_meta":{"display_name":"Mariano","author_link":"https:\/\/laradiodemariano.com.py\/index.php\/author\/mariano\/"},"featured_img":"https:\/\/laradiodemariano.com.py\/wp-content\/uploads\/2024\/07\/1secional-5-300x225.jpg","aioseo_notices":[],"yoast_head":"<!-- This site is optimized with the Yoast SEO Premium plugin v20.9 (Yoast SEO v21.1) - https:\/\/yoast.com\/wordpress\/plugins\/seo\/ -->\n<title>REUNIONES DE CANDIDATOS. - La Radio de Mariano<\/title>\n<meta name=\"robots\" content=\"index, follow, max-snippet:-1, max-image-preview:large, max-video-preview:-1\" \/>\n<link rel=\"canonical\" href=\"https:\/\/laradiodemariano.com.py\/index.php\/2024\/07\/06\/reuniones-de-candidatos\/\" \/>\n<meta property=\"og:locale\" content=\"es_ES\" \/>\n<meta property=\"og:type\" content=\"article\" \/>\n<meta property=\"og:title\" content=\"REUNIONES DE CANDIDATOS.\" \/>\n<meta property=\"og:description\" content=\"En marco de la unidad partidaria los diversos candidatos del partido colorado vienen realizando reuniones, el san Juan realizado en la seccional 5 fue la ocasi\u00f3n del encuentro de varios valores del partido. Los colorados institucionalistas est\u00e1n cerrando acuerdos con los lideres de las seccionales a fin de presentar un proyecto de calidad para la [&hellip;]\" \/>\n<meta property=\"og:url\" content=\"https:\/\/laradiodemariano.com.py\/index.php\/2024\/07\/06\/reuniones-de-candidatos\/\" \/>\n<meta property=\"og:site_name\" content=\"La Radio de Mariano\" \/>\n<meta property=\"article:published_time\" content=\"2024-07-06T14:13:58+00:00\" \/>\n<meta property=\"article:modified_time\" content=\"2024-07-06T14:14:14+00:00\" \/>\n<meta property=\"og:image\" content=\"https:\/\/laradiodemariano.com.py\/wp-content\/uploads\/2024\/07\/1secional-5.jpg\" \/>\n\t<meta property=\"og:image:width\" content=\"1600\" \/>\n\t<meta property=\"og:image:height\" content=\"1200\" \/>\n\t<meta property=\"og:image:type\" content=\"image\/jpeg\" \/>\n<meta name=\"author\" content=\"Mariano\" \/>\n<meta name=\"twitter:card\" content=\"summary_large_image\" \/>\n<meta name=\"twitter:label1\" content=\"Escrito por\" \/>\n\t<meta name=\"twitter:data1\" content=\"Mariano\" \/>\n\t<meta name=\"twitter:label2\" content=\"Tiempo de lectura\" \/>\n\t<meta name=\"twitter:data2\" content=\"1 minuto\" \/>\n<script type=\"application\/ld+json\" class=\"yoast-schema-graph\">{\"@context\":\"https:\/\/schema.org\",\"@graph\":[{\"@type\":\"WebPage\",\"@id\":\"https:\/\/laradiodemariano.com.py\/index.php\/2024\/07\/06\/reuniones-de-candidatos\/\",\"url\":\"https:\/\/laradiodemariano.com.py\/index.php\/2024\/07\/06\/reuniones-de-candidatos\/\",\"name\":\"REUNIONES DE CANDIDATOS. - La Radio de Mariano\",\"isPartOf\":{\"@id\":\"https:\/\/laradiodemariano.com.py\/#website\"},\"datePublished\":\"2024-07-06T14:13:58+00:00\",\"dateModified\":\"2024-07-06T14:14:14+00:00\",\"author\":{\"@id\":\"https:\/\/laradiodemariano.com.py\/#\/schema\/person\/022488fd517962280009a4e7a01ad48b\"},\"breadcrumb\":{\"@id\":\"https:\/\/laradiodemariano.com.py\/index.php\/2024\/07\/06\/reuniones-de-candidatos\/#breadcrumb\"},\"inLanguage\":\"es\",\"potentialAction\":[{\"@type\":\"ReadAction\",\"target\":[\"https:\/\/laradiodemariano.com.py\/index.php\/2024\/07\/06\/reuniones-de-candidatos\/\"]}]},{\"@type\":\"BreadcrumbList\",\"@id\":\"https:\/\/laradiodemariano.com.py\/index.php\/2024\/07\/06\/reuniones-de-candidatos\/#breadcrumb\",\"itemListElement\":[{\"@type\":\"ListItem\",\"position\":1,\"name\":\"Portada\",\"item\":\"https:\/\/laradiodemariano.com.py\/\"},{\"@type\":\"ListItem\",\"position\":2,\"name\":\"REUNIONES DE CANDIDATOS.\"}]},{\"@type\":\"WebSite\",\"@id\":\"https:\/\/laradiodemariano.com.py\/#website\",\"url\":\"https:\/\/laradiodemariano.com.py\/\",\"name\":\"La Radio de Mariano\",\"description\":\"\",\"potentialAction\":[{\"@type\":\"SearchAction\",\"target\":{\"@type\":\"EntryPoint\",\"urlTemplate\":\"https:\/\/laradiodemariano.com.py\/?s={search_term_string}\"},\"query-input\":\"required name=search_term_string\"}],\"inLanguage\":\"es\"},{\"@type\":\"Person\",\"@id\":\"https:\/\/laradiodemariano.com.py\/#\/schema\/person\/022488fd517962280009a4e7a01ad48b\",\"name\":\"Mariano\",\"image\":{\"@type\":\"ImageObject\",\"inLanguage\":\"es\",\"@id\":\"https:\/\/laradiodemariano.com.py\/#\/schema\/person\/image\/\",\"url\":\"https:\/\/secure.gravatar.com\/avatar\/b4d86704fb4aaa0635b866e42e2c951d37a451f21593b695791d8a15356941c2?s=96&d=mm&r=g\",\"contentUrl\":\"https:\/\/secure.gravatar.com\/avatar\/b4d86704fb4aaa0635b866e42e2c951d37a451f21593b695791d8a15356941c2?s=96&d=mm&r=g\",\"caption\":\"Mariano\"},\"url\":\"https:\/\/laradiodemariano.com.py\/index.php\/author\/mariano\/\"}]}<\/script>\n<!-- \/ Yoast SEO Premium plugin. -->","yoast_head_json":{"title":"REUNIONES DE CANDIDATOS. - La Radio de Mariano","robots":{"index":"index","follow":"follow","max-snippet":"max-snippet:-1","max-image-preview":"max-image-preview:large","max-video-preview":"max-video-preview:-1"},"canonical":"https:\/\/laradiodemariano.com.py\/index.php\/2024\/07\/06\/reuniones-de-candidatos\/","og_locale":"es_ES","og_type":"article","og_title":"REUNIONES DE CANDIDATOS.","og_description":"En marco de la unidad partidaria los diversos candidatos del partido colorado vienen realizando reuniones, el san Juan realizado en la seccional 5 fue la ocasi\u00f3n del encuentro de varios valores del partido. Los colorados institucionalistas est\u00e1n cerrando acuerdos con los lideres de las seccionales a fin de presentar un proyecto de calidad para la [&hellip;]","og_url":"https:\/\/laradiodemariano.com.py\/index.php\/2024\/07\/06\/reuniones-de-candidatos\/","og_site_name":"La Radio de Mariano","article_published_time":"2024-07-06T14:13:58+00:00","article_modified_time":"2024-07-06T14:14:14+00:00","og_image":[{"width":1600,"height":1200,"url":"https:\/\/laradiodemariano.com.py\/wp-content\/uploads\/2024\/07\/1secional-5.jpg","type":"image\/jpeg"}],"author":"Mariano","twitter_card":"summary_large_image","twitter_misc":{"Escrito por":"Mariano","Tiempo de lectura":"1 minuto"},"schema":{"@context":"https:\/\/schema.org","@graph":[{"@type":"WebPage","@id":"https:\/\/laradiodemariano.com.py\/index.php\/2024\/07\/06\/reuniones-de-candidatos\/","url":"https:\/\/laradiodemariano.com.py\/index.php\/2024\/07\/06\/reuniones-de-candidatos\/","name":"REUNIONES DE CANDIDATOS. - La Radio de Mariano","isPartOf":{"@id":"https:\/\/laradiodemariano.com.py\/#website"},"datePublished":"2024-07-06T14:13:58+00:00","dateModified":"2024-07-06T14:14:14+00:00","author":{"@id":"https:\/\/laradiodemariano.com.py\/#\/schema\/person\/022488fd517962280009a4e7a01ad48b"},"breadcrumb":{"@id":"https:\/\/laradiodemariano.com.py\/index.php\/2024\/07\/06\/reuniones-de-candidatos\/#breadcrumb"},"inLanguage":"es","potentialAction":[{"@type":"ReadAction","target":["https:\/\/laradiodemariano.com.py\/index.php\/2024\/07\/06\/reuniones-de-candidatos\/"]}]},{"@type":"BreadcrumbList","@id":"https:\/\/laradiodemariano.com.py\/index.php\/2024\/07\/06\/reuniones-de-candidatos\/#breadcrumb","itemListElement":[{"@type":"ListItem","position":1,"name":"Portada","item":"https:\/\/laradiodemariano.com.py\/"},{"@type":"ListItem","position":2,"name":"REUNIONES DE CANDIDATOS."}]},{"@type":"WebSite","@id":"https:\/\/laradiodemariano.com.py\/#website","url":"https:\/\/laradiodemariano.com.py\/","name":"La Radio de Mariano","description":"","potentialAction":[{"@type":"SearchAction","target":{"@type":"EntryPoint","urlTemplate":"https:\/\/laradiodemariano.com.py\/?s={search_term_string}"},"query-input":"required name=search_term_string"}],"inLanguage":"es"},{"@type":"Person","@id":"https:\/\/laradiodemariano.com.py\/#\/schema\/person\/022488fd517962280009a4e7a01ad48b","name":"Mariano","image":{"@type":"ImageObject","inLanguage":"es","@id":"https:\/\/laradiodemariano.com.py\/#\/schema\/person\/image\/","url":"https:\/\/secure.gravatar.com\/avatar\/b4d86704fb4aaa0635b866e42e2c951d37a451f21593b695791d8a15356941c2?s=96&d=mm&r=g","contentUrl":"https:\/\/secure.gravatar.com\/avatar\/b4d86704fb4aaa0635b866e42e2c951d37a451f21593b695791d8a15356941c2?s=96&d=mm&r=g","caption":"Mariano"},"url":"https:\/\/laradiodemariano.com.py\/index.php\/author\/mariano\/"}]}},"coauthors":[],"tax_additional":{"categories":{"linked":["<a href=\"https:\/\/laradiodemariano.com.py\/index.php\/category\/politica\/\" class=\"advgb-post-tax-term\">Politica<\/a>"],"unlinked":["<span class=\"advgb-post-tax-term\">Politica<\/span>"]}},"comment_count":"0","relative_dates":{"created":"Publicado 2 a\u00f1os hace","modified":"Actualizado 2 a\u00f1os hace"},"absolute_dates":{"created":"Publicado el 6 de julio de 2024","modified":"Actualizado el 6 de julio de 2024"},"absolute_dates_time":{"created":"Publicado el 6 de julio de 2024 16:13","modified":"Actualizado el 6 de julio de 2024 16:14"},"featured_img_caption":"","series_order":"","_links":{"self":[{"href":"https:\/\/laradiodemariano.com.py\/index.php\/wp-json\/wp\/v2\/posts\/411","targetHints":{"allow":["GET"]}}],"collection":[{"href":"https:\/\/laradiodemariano.com.py\/index.php\/wp-json\/wp\/v2\/posts"}],"about":[{"href":"https:\/\/laradiodemariano.com.py\/index.php\/wp-json\/wp\/v2\/types\/post"}],"author":[{"embeddable":true,"href":"https:\/\/laradiodemariano.com.py\/index.php\/wp-json\/wp\/v2\/users\/3"}],"replies":[{"embeddable":true,"href":"https:\/\/laradiodemariano.com.py\/index.php\/wp-json\/wp\/v2\/comments?post=411"}],"version-history":[{"count":1,"href":"https:\/\/laradiodemariano.com.py\/index.php\/wp-json\/wp\/v2\/posts\/411\/revisions"}],"predecessor-version":[{"id":415,"href":"https:\/\/laradiodemariano.com.py\/index.php\/wp-json\/wp\/v2\/posts\/411\/revisions\/415"}],"wp:featuredmedia":[{"embeddable":true,"href":"https:\/\/laradiodemariano.com.py\/index.php\/wp-json\/wp\/v2\/media\/412"}],"wp:attachment":[{"href":"https:\/\/laradiodemariano.com.py\/index.php\/wp-json\/wp\/v2\/media?parent=411"}],"wp:term":[{"taxonomy":"category","embeddable":true,"href":"https:\/\/laradiodemariano.com.py\/index.php\/wp-json\/wp\/v2\/categories?post=411"},{"taxonomy":"post_tag","embeddable":true,"href":"https:\/\/laradiodemariano.com.py\/index.php\/wp-json\/wp\/v2\/tags?post=411"}],"curies":[{"name":"wp","href":"https:\/\/api.w.org\/{rel}","templated":true}]}}