{"id":443,"date":"2024-10-10T15:57:24","date_gmt":"2024-10-10T13:57:24","guid":{"rendered":"https:\/\/laradiodemariano.com.py\/?p=443"},"modified":"2024-10-10T15:57:26","modified_gmt":"2024-10-10T13:57:26","slug":"poletti-convoca-a-grandes-lideres-en-mariano-roque-alonso","status":"publish","type":"post","link":"https:\/\/laradiodemariano.com.py\/index.php\/2024\/10\/10\/poletti-convoca-a-grandes-lideres-en-mariano-roque-alonso\/","title":{"rendered":"POLETTI convoca a grandes lideres en Mariano Roque Alonso"},"content":{"rendered":"\n<p> A instancias del ultimo candidato del partido colorado a la intendencia , se convoc\u00f3 a una reuni\u00f3n en la residencia de Ralo Aveiro, con la participaci\u00f3n de grandes lideres del partido colorado, presidentes de seccionales, concejales, excandidatos a diputaci\u00f3n, y excandidatos a las distintas seccionales y expresidente de seccional., en la amena reuni\u00f3n se delineo los pasos a seguir en la presentaci\u00f3n del candidato a la intendencia en Mariano Roque Alonso, se hablo de la necesidad de elegir un candidato con representatividad, que sea una persona con la virtud de aglutinar al pueblo colorado, que conf\u00eda y pide a gritos un candidato eficiente y que entienda las necesidad de la poblaci\u00f3n.   <\/p>\n\n\n\n<p>Adem\u00e1s de abrir el debate donde los mas connotados lideres expresaron la traici\u00f3n y persecuci\u00f3n a los lideres, inclusive donde se expulso de sus trabajos a los correligionarios, y la persecuci\u00f3n tenas que sufren de otros mal llamados colorados, estos para dividir al partido y adem\u00e1s de seguir manteniendo el poder para beneficios propios en desmedro de la asociaci\u00f3n nacional  Republica.<\/p>\n\n\n\n<p>El dialogo y la unidad de ideas representa un valor muy importante  para los verdaderos colorados en Mariano Roque Alonso.   <\/p>\n\n\n\n<p>A partir de ahora ya se realizaran reuniones en los barrios y en las casas de los caudillos barriales.<\/p>\n\n\n\n<figure class=\"wp-block-image size-large\"><img loading=\"lazy\" decoding=\"async\" width=\"1024\" height=\"497\" src=\"https:\/\/laradiodemariano.com.py\/wp-content\/uploads\/2024\/10\/reunion-ralo-2-1024x497.jpg\" alt=\"\" class=\"wp-image-445\" srcset=\"https:\/\/laradiodemariano.com.py\/wp-content\/uploads\/2024\/10\/reunion-ralo-2-1024x497.jpg 1024w, https:\/\/laradiodemariano.com.py\/wp-content\/uploads\/2024\/10\/reunion-ralo-2-300x146.jpg 300w, https:\/\/laradiodemariano.com.py\/wp-content\/uploads\/2024\/10\/reunion-ralo-2-768x373.jpg 768w, https:\/\/laradiodemariano.com.py\/wp-content\/uploads\/2024\/10\/reunion-ralo-2-1536x746.jpg 1536w, https:\/\/laradiodemariano.com.py\/wp-content\/uploads\/2024\/10\/reunion-ralo-2-696x338.jpg 696w, https:\/\/laradiodemariano.com.py\/wp-content\/uploads\/2024\/10\/reunion-ralo-2-1068x519.jpg 1068w, https:\/\/laradiodemariano.com.py\/wp-content\/uploads\/2024\/10\/reunion-ralo-2.jpg 1600w\" sizes=\"auto, (max-width: 1024px) 100vw, 1024px\" \/><\/figure>\n\n\n\n<figure class=\"wp-block-image size-large\"><img loading=\"lazy\" decoding=\"async\" width=\"1024\" height=\"576\" src=\"https:\/\/laradiodemariano.com.py\/wp-content\/uploads\/2024\/10\/reunion-de-ralo-5-1024x576.jpg\" alt=\"\" class=\"wp-image-447\" srcset=\"https:\/\/laradiodemariano.com.py\/wp-content\/uploads\/2024\/10\/reunion-de-ralo-5-1024x576.jpg 1024w, https:\/\/laradiodemariano.com.py\/wp-content\/uploads\/2024\/10\/reunion-de-ralo-5-300x169.jpg 300w, https:\/\/laradiodemariano.com.py\/wp-content\/uploads\/2024\/10\/reunion-de-ralo-5-768x432.jpg 768w, https:\/\/laradiodemariano.com.py\/wp-content\/uploads\/2024\/10\/reunion-de-ralo-5-1536x864.jpg 1536w, https:\/\/laradiodemariano.com.py\/wp-content\/uploads\/2024\/10\/reunion-de-ralo-5-696x392.jpg 696w, https:\/\/laradiodemariano.com.py\/wp-content\/uploads\/2024\/10\/reunion-de-ralo-5-1068x601.jpg 1068w, https:\/\/laradiodemariano.com.py\/wp-content\/uploads\/2024\/10\/reunion-de-ralo-5.jpg 1600w\" sizes=\"auto, (max-width: 1024px) 100vw, 1024px\" \/><\/figure>\n\n\n\n<figure class=\"wp-block-image size-large is-resized\"><img loading=\"lazy\" decoding=\"async\" src=\"https:\/\/laradiodemariano.com.py\/wp-content\/uploads\/2024\/10\/reunion-ralo-3-1024x576.jpg\" alt=\"\" class=\"wp-image-448\" style=\"width:703px;height:395px\" width=\"703\" height=\"395\" srcset=\"https:\/\/laradiodemariano.com.py\/wp-content\/uploads\/2024\/10\/reunion-ralo-3-1024x576.jpg 1024w, https:\/\/laradiodemariano.com.py\/wp-content\/uploads\/2024\/10\/reunion-ralo-3-300x169.jpg 300w, https:\/\/laradiodemariano.com.py\/wp-content\/uploads\/2024\/10\/reunion-ralo-3-768x432.jpg 768w, https:\/\/laradiodemariano.com.py\/wp-content\/uploads\/2024\/10\/reunion-ralo-3-1536x864.jpg 1536w, https:\/\/laradiodemariano.com.py\/wp-content\/uploads\/2024\/10\/reunion-ralo-3-696x392.jpg 696w, https:\/\/laradiodemariano.com.py\/wp-content\/uploads\/2024\/10\/reunion-ralo-3-1068x601.jpg 1068w, https:\/\/laradiodemariano.com.py\/wp-content\/uploads\/2024\/10\/reunion-ralo-3.jpg 1600w\" sizes=\"auto, (max-width: 703px) 100vw, 703px\" \/><\/figure>\n\n\n\n<figure class=\"wp-block-image size-large\"><img loading=\"lazy\" decoding=\"async\" width=\"1024\" height=\"576\" src=\"https:\/\/laradiodemariano.com.py\/wp-content\/uploads\/2024\/10\/reunion-ralo-4-1-1024x576.jpg\" alt=\"\" class=\"wp-image-449\" srcset=\"https:\/\/laradiodemariano.com.py\/wp-content\/uploads\/2024\/10\/reunion-ralo-4-1-1024x576.jpg 1024w, https:\/\/laradiodemariano.com.py\/wp-content\/uploads\/2024\/10\/reunion-ralo-4-1-300x169.jpg 300w, https:\/\/laradiodemariano.com.py\/wp-content\/uploads\/2024\/10\/reunion-ralo-4-1-768x432.jpg 768w, https:\/\/laradiodemariano.com.py\/wp-content\/uploads\/2024\/10\/reunion-ralo-4-1-1536x864.jpg 1536w, https:\/\/laradiodemariano.com.py\/wp-content\/uploads\/2024\/10\/reunion-ralo-4-1-696x392.jpg 696w, https:\/\/laradiodemariano.com.py\/wp-content\/uploads\/2024\/10\/reunion-ralo-4-1-1068x601.jpg 1068w, https:\/\/laradiodemariano.com.py\/wp-content\/uploads\/2024\/10\/reunion-ralo-4-1.jpg 1600w\" sizes=\"auto, (max-width: 1024px) 100vw, 1024px\" \/><\/figure>\n\n\n\n<figure class=\"wp-block-image size-large\"><img loading=\"lazy\" decoding=\"async\" width=\"1024\" height=\"576\" src=\"https:\/\/laradiodemariano.com.py\/wp-content\/uploads\/2024\/10\/reunion-ralo-7-1024x576.jpg\" alt=\"\" class=\"wp-image-450\" srcset=\"https:\/\/laradiodemariano.com.py\/wp-content\/uploads\/2024\/10\/reunion-ralo-7-1024x576.jpg 1024w, https:\/\/laradiodemariano.com.py\/wp-content\/uploads\/2024\/10\/reunion-ralo-7-300x169.jpg 300w, https:\/\/laradiodemariano.com.py\/wp-content\/uploads\/2024\/10\/reunion-ralo-7-768x432.jpg 768w, https:\/\/laradiodemariano.com.py\/wp-content\/uploads\/2024\/10\/reunion-ralo-7-1536x864.jpg 1536w, https:\/\/laradiodemariano.com.py\/wp-content\/uploads\/2024\/10\/reunion-ralo-7-696x392.jpg 696w, https:\/\/laradiodemariano.com.py\/wp-content\/uploads\/2024\/10\/reunion-ralo-7-1068x601.jpg 1068w, https:\/\/laradiodemariano.com.py\/wp-content\/uploads\/2024\/10\/reunion-ralo-7.jpg 1600w\" sizes=\"auto, (max-width: 1024px) 100vw, 1024px\" \/><\/figure>\n","protected":false},"excerpt":{"rendered":"<p>A instancias del ultimo candidato del partido colorado a la intendencia , se convoc\u00f3 a una reuni\u00f3n en la residencia de Ralo Aveiro, con la participaci\u00f3n de grandes lideres del partido colorado, presidentes de seccionales, concejales, excandidatos a diputaci\u00f3n, y excandidatos a las distintas seccionales y expresidente de seccional., en la amena reuni\u00f3n se delineo [&hellip;]<\/p>\n","protected":false},"author":3,"featured_media":445,"comment_status":"open","ping_status":"open","sticky":true,"template":"","format":"standard","meta":{"advgb_blocks_editor_width":"","advgb_blocks_columns_visual_guide":"","om_disable_all_campaigns":false,"_monsterinsights_skip_tracking":false,"_monsterinsights_sitenote_active":false,"_monsterinsights_sitenote_note":"","_monsterinsights_sitenote_category":0,"footnotes":""},"categories":[4,32],"tags":[],"class_list":{"0":"post-443","1":"post","2":"type-post","3":"status-publish","4":"format-standard","5":"has-post-thumbnail","7":"category-nacionales","8":"category-politica"},"author_meta":{"display_name":"Mariano","author_link":"https:\/\/laradiodemariano.com.py\/index.php\/author\/mariano\/"},"featured_img":"https:\/\/laradiodemariano.com.py\/wp-content\/uploads\/2024\/10\/reunion-ralo-2-300x146.jpg","aioseo_notices":[],"yoast_head":"<!-- This site is optimized with the Yoast SEO Premium plugin v20.9 (Yoast SEO v21.1) - https:\/\/yoast.com\/wordpress\/plugins\/seo\/ -->\n<title>POLETTI convoca a grandes lideres en Mariano Roque Alonso - La Radio de Mariano<\/title>\n<meta name=\"robots\" content=\"index, follow, max-snippet:-1, max-image-preview:large, max-video-preview:-1\" \/>\n<link rel=\"canonical\" href=\"https:\/\/laradiodemariano.com.py\/index.php\/2024\/10\/10\/poletti-convoca-a-grandes-lideres-en-mariano-roque-alonso\/\" \/>\n<meta property=\"og:locale\" content=\"es_ES\" \/>\n<meta property=\"og:type\" content=\"article\" \/>\n<meta property=\"og:title\" content=\"POLETTI convoca a grandes lideres en Mariano Roque Alonso\" \/>\n<meta property=\"og:description\" content=\"A instancias del ultimo candidato del partido colorado a la intendencia , se convoc\u00f3 a una reuni\u00f3n en la residencia de Ralo Aveiro, con la participaci\u00f3n de grandes lideres del partido colorado, presidentes de seccionales, concejales, excandidatos a diputaci\u00f3n, y excandidatos a las distintas seccionales y expresidente de seccional., en la amena reuni\u00f3n se delineo [&hellip;]\" \/>\n<meta property=\"og:url\" content=\"https:\/\/laradiodemariano.com.py\/index.php\/2024\/10\/10\/poletti-convoca-a-grandes-lideres-en-mariano-roque-alonso\/\" \/>\n<meta property=\"og:site_name\" content=\"La Radio de Mariano\" \/>\n<meta property=\"article:published_time\" content=\"2024-10-10T13:57:24+00:00\" \/>\n<meta property=\"article:modified_time\" content=\"2024-10-10T13:57:26+00:00\" \/>\n<meta property=\"og:image\" content=\"https:\/\/laradiodemariano.com.py\/wp-content\/uploads\/2024\/10\/reunion-ralo-2.jpg\" \/>\n\t<meta property=\"og:image:width\" content=\"1600\" \/>\n\t<meta property=\"og:image:height\" content=\"777\" \/>\n\t<meta property=\"og:image:type\" content=\"image\/jpeg\" \/>\n<meta name=\"author\" content=\"Mariano\" \/>\n<meta name=\"twitter:card\" content=\"summary_large_image\" \/>\n<meta name=\"twitter:label1\" content=\"Escrito por\" \/>\n\t<meta name=\"twitter:data1\" content=\"Mariano\" \/>\n\t<meta name=\"twitter:label2\" content=\"Tiempo de lectura\" \/>\n\t<meta name=\"twitter:data2\" content=\"1 minuto\" \/>\n<script type=\"application\/ld+json\" class=\"yoast-schema-graph\">{\"@context\":\"https:\/\/schema.org\",\"@graph\":[{\"@type\":\"WebPage\",\"@id\":\"https:\/\/laradiodemariano.com.py\/index.php\/2024\/10\/10\/poletti-convoca-a-grandes-lideres-en-mariano-roque-alonso\/\",\"url\":\"https:\/\/laradiodemariano.com.py\/index.php\/2024\/10\/10\/poletti-convoca-a-grandes-lideres-en-mariano-roque-alonso\/\",\"name\":\"POLETTI convoca a grandes lideres en Mariano Roque Alonso - La Radio de Mariano\",\"isPartOf\":{\"@id\":\"https:\/\/laradiodemariano.com.py\/#website\"},\"datePublished\":\"2024-10-10T13:57:24+00:00\",\"dateModified\":\"2024-10-10T13:57:26+00:00\",\"author\":{\"@id\":\"https:\/\/laradiodemariano.com.py\/#\/schema\/person\/022488fd517962280009a4e7a01ad48b\"},\"breadcrumb\":{\"@id\":\"https:\/\/laradiodemariano.com.py\/index.php\/2024\/10\/10\/poletti-convoca-a-grandes-lideres-en-mariano-roque-alonso\/#breadcrumb\"},\"inLanguage\":\"es\",\"potentialAction\":[{\"@type\":\"ReadAction\",\"target\":[\"https:\/\/laradiodemariano.com.py\/index.php\/2024\/10\/10\/poletti-convoca-a-grandes-lideres-en-mariano-roque-alonso\/\"]}]},{\"@type\":\"BreadcrumbList\",\"@id\":\"https:\/\/laradiodemariano.com.py\/index.php\/2024\/10\/10\/poletti-convoca-a-grandes-lideres-en-mariano-roque-alonso\/#breadcrumb\",\"itemListElement\":[{\"@type\":\"ListItem\",\"position\":1,\"name\":\"Portada\",\"item\":\"https:\/\/laradiodemariano.com.py\/\"},{\"@type\":\"ListItem\",\"position\":2,\"name\":\"POLETTI convoca a grandes lideres en Mariano Roque Alonso\"}]},{\"@type\":\"WebSite\",\"@id\":\"https:\/\/laradiodemariano.com.py\/#website\",\"url\":\"https:\/\/laradiodemariano.com.py\/\",\"name\":\"La Radio de Mariano\",\"description\":\"\",\"potentialAction\":[{\"@type\":\"SearchAction\",\"target\":{\"@type\":\"EntryPoint\",\"urlTemplate\":\"https:\/\/laradiodemariano.com.py\/?s={search_term_string}\"},\"query-input\":\"required name=search_term_string\"}],\"inLanguage\":\"es\"},{\"@type\":\"Person\",\"@id\":\"https:\/\/laradiodemariano.com.py\/#\/schema\/person\/022488fd517962280009a4e7a01ad48b\",\"name\":\"Mariano\",\"image\":{\"@type\":\"ImageObject\",\"inLanguage\":\"es\",\"@id\":\"https:\/\/laradiodemariano.com.py\/#\/schema\/person\/image\/\",\"url\":\"https:\/\/secure.gravatar.com\/avatar\/b4d86704fb4aaa0635b866e42e2c951d37a451f21593b695791d8a15356941c2?s=96&d=mm&r=g\",\"contentUrl\":\"https:\/\/secure.gravatar.com\/avatar\/b4d86704fb4aaa0635b866e42e2c951d37a451f21593b695791d8a15356941c2?s=96&d=mm&r=g\",\"caption\":\"Mariano\"},\"url\":\"https:\/\/laradiodemariano.com.py\/index.php\/author\/mariano\/\"}]}<\/script>\n<!-- \/ Yoast SEO Premium plugin. -->","yoast_head_json":{"title":"POLETTI convoca a grandes lideres en Mariano Roque Alonso - La Radio de Mariano","robots":{"index":"index","follow":"follow","max-snippet":"max-snippet:-1","max-image-preview":"max-image-preview:large","max-video-preview":"max-video-preview:-1"},"canonical":"https:\/\/laradiodemariano.com.py\/index.php\/2024\/10\/10\/poletti-convoca-a-grandes-lideres-en-mariano-roque-alonso\/","og_locale":"es_ES","og_type":"article","og_title":"POLETTI convoca a grandes lideres en Mariano Roque Alonso","og_description":"A instancias del ultimo candidato del partido colorado a la intendencia , se convoc\u00f3 a una reuni\u00f3n en la residencia de Ralo Aveiro, con la participaci\u00f3n de grandes lideres del partido colorado, presidentes de seccionales, concejales, excandidatos a diputaci\u00f3n, y excandidatos a las distintas seccionales y expresidente de seccional., en la amena reuni\u00f3n se delineo [&hellip;]","og_url":"https:\/\/laradiodemariano.com.py\/index.php\/2024\/10\/10\/poletti-convoca-a-grandes-lideres-en-mariano-roque-alonso\/","og_site_name":"La Radio de Mariano","article_published_time":"2024-10-10T13:57:24+00:00","article_modified_time":"2024-10-10T13:57:26+00:00","og_image":[{"width":1600,"height":777,"url":"https:\/\/laradiodemariano.com.py\/wp-content\/uploads\/2024\/10\/reunion-ralo-2.jpg","type":"image\/jpeg"}],"author":"Mariano","twitter_card":"summary_large_image","twitter_misc":{"Escrito por":"Mariano","Tiempo de lectura":"1 minuto"},"schema":{"@context":"https:\/\/schema.org","@graph":[{"@type":"WebPage","@id":"https:\/\/laradiodemariano.com.py\/index.php\/2024\/10\/10\/poletti-convoca-a-grandes-lideres-en-mariano-roque-alonso\/","url":"https:\/\/laradiodemariano.com.py\/index.php\/2024\/10\/10\/poletti-convoca-a-grandes-lideres-en-mariano-roque-alonso\/","name":"POLETTI convoca a grandes lideres en Mariano Roque Alonso - La Radio de Mariano","isPartOf":{"@id":"https:\/\/laradiodemariano.com.py\/#website"},"datePublished":"2024-10-10T13:57:24+00:00","dateModified":"2024-10-10T13:57:26+00:00","author":{"@id":"https:\/\/laradiodemariano.com.py\/#\/schema\/person\/022488fd517962280009a4e7a01ad48b"},"breadcrumb":{"@id":"https:\/\/laradiodemariano.com.py\/index.php\/2024\/10\/10\/poletti-convoca-a-grandes-lideres-en-mariano-roque-alonso\/#breadcrumb"},"inLanguage":"es","potentialAction":[{"@type":"ReadAction","target":["https:\/\/laradiodemariano.com.py\/index.php\/2024\/10\/10\/poletti-convoca-a-grandes-lideres-en-mariano-roque-alonso\/"]}]},{"@type":"BreadcrumbList","@id":"https:\/\/laradiodemariano.com.py\/index.php\/2024\/10\/10\/poletti-convoca-a-grandes-lideres-en-mariano-roque-alonso\/#breadcrumb","itemListElement":[{"@type":"ListItem","position":1,"name":"Portada","item":"https:\/\/laradiodemariano.com.py\/"},{"@type":"ListItem","position":2,"name":"POLETTI convoca a grandes lideres en Mariano Roque Alonso"}]},{"@type":"WebSite","@id":"https:\/\/laradiodemariano.com.py\/#website","url":"https:\/\/laradiodemariano.com.py\/","name":"La Radio de Mariano","description":"","potentialAction":[{"@type":"SearchAction","target":{"@type":"EntryPoint","urlTemplate":"https:\/\/laradiodemariano.com.py\/?s={search_term_string}"},"query-input":"required name=search_term_string"}],"inLanguage":"es"},{"@type":"Person","@id":"https:\/\/laradiodemariano.com.py\/#\/schema\/person\/022488fd517962280009a4e7a01ad48b","name":"Mariano","image":{"@type":"ImageObject","inLanguage":"es","@id":"https:\/\/laradiodemariano.com.py\/#\/schema\/person\/image\/","url":"https:\/\/secure.gravatar.com\/avatar\/b4d86704fb4aaa0635b866e42e2c951d37a451f21593b695791d8a15356941c2?s=96&d=mm&r=g","contentUrl":"https:\/\/secure.gravatar.com\/avatar\/b4d86704fb4aaa0635b866e42e2c951d37a451f21593b695791d8a15356941c2?s=96&d=mm&r=g","caption":"Mariano"},"url":"https:\/\/laradiodemariano.com.py\/index.php\/author\/mariano\/"}]}},"coauthors":[],"tax_additional":{"categories":{"linked":["<a href=\"https:\/\/laradiodemariano.com.py\/index.php\/category\/nacionales\/\" class=\"advgb-post-tax-term\">Nacionales<\/a>","<a href=\"https:\/\/laradiodemariano.com.py\/index.php\/category\/politica\/\" class=\"advgb-post-tax-term\">Politica<\/a>"],"unlinked":["<span class=\"advgb-post-tax-term\">Nacionales<\/span>","<span class=\"advgb-post-tax-term\">Politica<\/span>"]}},"comment_count":"0","relative_dates":{"created":"Publicado 2 a\u00f1os hace","modified":"Actualizado 2 a\u00f1os hace"},"absolute_dates":{"created":"Publicado el 10 de octubre de 2024","modified":"Actualizado el 10 de octubre de 2024"},"absolute_dates_time":{"created":"Publicado el 10 de octubre de 2024 15:57","modified":"Actualizado el 10 de octubre de 2024 15:57"},"featured_img_caption":"","series_order":"","_links":{"self":[{"href":"https:\/\/laradiodemariano.com.py\/index.php\/wp-json\/wp\/v2\/posts\/443","targetHints":{"allow":["GET"]}}],"collection":[{"href":"https:\/\/laradiodemariano.com.py\/index.php\/wp-json\/wp\/v2\/posts"}],"about":[{"href":"https:\/\/laradiodemariano.com.py\/index.php\/wp-json\/wp\/v2\/types\/post"}],"author":[{"embeddable":true,"href":"https:\/\/laradiodemariano.com.py\/index.php\/wp-json\/wp\/v2\/users\/3"}],"replies":[{"embeddable":true,"href":"https:\/\/laradiodemariano.com.py\/index.php\/wp-json\/wp\/v2\/comments?post=443"}],"version-history":[{"count":1,"href":"https:\/\/laradiodemariano.com.py\/index.php\/wp-json\/wp\/v2\/posts\/443\/revisions"}],"predecessor-version":[{"id":451,"href":"https:\/\/laradiodemariano.com.py\/index.php\/wp-json\/wp\/v2\/posts\/443\/revisions\/451"}],"wp:featuredmedia":[{"embeddable":true,"href":"https:\/\/laradiodemariano.com.py\/index.php\/wp-json\/wp\/v2\/media\/445"}],"wp:attachment":[{"href":"https:\/\/laradiodemariano.com.py\/index.php\/wp-json\/wp\/v2\/media?parent=443"}],"wp:term":[{"taxonomy":"category","embeddable":true,"href":"https:\/\/laradiodemariano.com.py\/index.php\/wp-json\/wp\/v2\/categories?post=443"},{"taxonomy":"post_tag","embeddable":true,"href":"https:\/\/laradiodemariano.com.py\/index.php\/wp-json\/wp\/v2\/tags?post=443"}],"curies":[{"name":"wp","href":"https:\/\/api.w.org\/{rel}","templated":true}]}}